{"id":2037,"date":"2025-01-15T13:23:25","date_gmt":"2025-01-15T12:23:25","guid":{"rendered":""},"modified":"2025-12-16T18:17:14","modified_gmt":"2025-12-16T17:17:14","slug":"confindustria-trifft-sudtiroler-unternehmerinnen","status":"publish","type":"post","link":"https:\/\/www.clmbz.it\/de\/confindustria-trifft-sudtiroler-unternehmerinnen\/","title":{"rendered":"Confindustria trifft S\u00fcdtiroler Unternehmer*innen"},"content":{"rendered":"\t\t<div data-elementor-type=\"wp-post\" data-elementor-id=\"2037\" class=\"elementor elementor-2037 elementor-1156\">\n\t\t\t\t\t\t<section class=\"elementor-section elementor-top-section elementor-element elementor-element-f9b4cd2 elementor-section-boxed elementor-section-height-default elementor-section-height-default\" data-id=\"f9b4cd2\" data-element_type=\"section\">\n\t\t\t\t\t\t<div class=\"elementor-container elementor-column-gap-default\">\n\t\t\t\t\t<div class=\"elementor-column elementor-col-100 elementor-top-column elementor-element elementor-element-7e39d0e\" data-id=\"7e39d0e\" data-element_type=\"column\">\n\t\t\t<div class=\"elementor-widget-wrap elementor-element-populated\">\n\t\t\t\t\t\t<div class=\"elementor-element elementor-element-a9f2f1a elementor-widget elementor-widget-text-editor\" data-id=\"a9f2f1a\" data-element_type=\"widget\" data-widget_type=\"text-editor.default\">\n\t\t\t\t<div class=\"elementor-widget-container\">\n\t\t\t<style>\/*! elementor - v3.20.0 - 13-03-2024 *\/\n.elementor-widget-text-editor.elementor-drop-cap-view-stacked .elementor-drop-cap{background-color:#69727d;color:#fff}.elementor-widget-text-editor.elementor-drop-cap-view-framed .elementor-drop-cap{color:#69727d;border:3px solid;background-color:transparent}.elementor-widget-text-editor:not(.elementor-drop-cap-view-default) .elementor-drop-cap{margin-top:8px}.elementor-widget-text-editor:not(.elementor-drop-cap-view-default) .elementor-drop-cap-letter{width:1em;height:1em}.elementor-widget-text-editor .elementor-drop-cap{float:left;text-align:center;line-height:1;font-size:50px}.elementor-widget-text-editor .elementor-drop-cap-letter{display:inline-block}<\/style>\t\t\t\t<p>Am Montag, den 13. Januar, nahm auch das Team von CLM am Empfang der S\u00fcdtiroler Unternehmer*innen durch Confindustria Alto Adige und deren Pr\u00e4sidenten Heiner Oberrauch teil.<\/p>\n<p>Rund 500 G\u00e4ste waren bei der Veranstaltung anwesend, die sich insbesondere auf die Notwendigkeit konzentrierte, wirklich wirksame Strategien zu entwickeln, um der lokalen Unternehmerschaft, seit jeher ein Aush\u00e4ngeschild unseres Landes, eine nachhaltige Zukunft zu sichern.<\/p>\n<p>Pr\u00e4sident Oberrauch hob hervor, wie wichtig es sei, sich stetig zu verbessern, alte Grenzen zu \u00fcberwinden und neue Meilensteine zu setzen.<\/p>\n<p>Pragmatismus, Dialog mit den Institutionen, Anpassungsf\u00e4higkeit sowie gezielte und strategische Investitionen seien laut Oberrauch die zentralen Elemente, um die Wettbewerbsf\u00e4higkeit der S\u00fcdtiroler Industrie auf dem nationalen und internationalen Markt zu steigern.<\/p>\n<p>Elemente, auf die CLM seit jeher setzt und die das Unternehmen laufend weiterentwickelt \u2013 mit dem Ziel, seiner gesamten regionalen Netzwerkstruktur eine zukunftssichere und erf\u00fcllende Perspektive zu bieten.<\/p>\n<p>Mehr Informationen unter: <a href=\"https:\/\/www.confindustria.bz.it\/it\/stampa\/P2025-23649\">www.confindustria.bz.it<\/a><\/p>\n\t\t\t\t\t\t<\/div>\n\t\t\t\t<\/div>\n\t\t\t\t<div class=\"elementor-element elementor-element-c9de282 elementor-widget elementor-widget-image\" data-id=\"c9de282\" data-element_type=\"widget\" data-widget_type=\"image.default\">\n\t\t\t\t<div class=\"elementor-widget-container\">\n\t\t\t<style>\/*! elementor - v3.20.0 - 13-03-2024 *\/\n.elementor-widget-image{text-align:center}.elementor-widget-image a{display:inline-block}.elementor-widget-image a img[src$=\".svg\"]{width:48px}.elementor-widget-image img{vertical-align:middle;display:inline-block}<\/style>\t\t\t\t\t\t\t\t\t\t<img fetchpriority=\"high\" decoding=\"async\" width=\"830\" height=\"552\" src=\"https:\/\/www.clmbz.it\/2022\/wp-content\/uploads\/2025\/01\/CLMBZ-1024x681.jpeg\" class=\"attachment-large size-large wp-image-1169\" alt=\"\" srcset=\"https:\/\/www.clmbz.it\/2022\/wp-content\/uploads\/2025\/01\/CLMBZ-1024x681.jpeg 1024w, https:\/\/www.clmbz.it\/2022\/wp-content\/uploads\/2025\/01\/CLMBZ-300x200.jpeg 300w, https:\/\/www.clmbz.it\/2022\/wp-content\/uploads\/2025\/01\/CLMBZ-768x511.jpeg 768w, https:\/\/www.clmbz.it\/2022\/wp-content\/uploads\/2025\/01\/CLMBZ-1536x1021.jpeg 1536w, https:\/\/www.clmbz.it\/2022\/wp-content\/uploads\/2025\/01\/CLMBZ-850x565.jpeg 850w, https:\/\/www.clmbz.it\/2022\/wp-content\/uploads\/2025\/01\/CLMBZ.jpeg 1600w\" sizes=\"(max-width: 830px) 100vw, 830px\" \/>\t\t\t\t\t\t\t\t\t\t\t\t\t<\/div>\n\t\t\t\t<\/div>\n\t\t\t\t\t<\/div>\n\t\t<\/div>\n\t\t\t\t\t<\/div>\n\t\t<\/section>\n\t\t\t\t<\/div>\n\t\t","protected":false},"excerpt":{"rendered":"<p>CLM beim Empfang der S\u00fcdtiroler Unternehmer*innen durch Confindustria Alto Adige vertreten<\/p>\n","protected":false},"author":1,"featured_media":2038,"comment_status":"open","ping_status":"closed","sticky":false,"template":"","format":"standard","meta":{"footnotes":""},"categories":[1],"tags":[],"class_list":["post-2037","post","type-post","status-publish","format-standard","has-post-thumbnail","hentry","category-non-categorizzato"],"_links":{"self":[{"href":"https:\/\/www.clmbz.it\/de\/wp-json\/wp\/v2\/posts\/2037","targetHints":{"allow":["GET"]}}],"collection":[{"href":"https:\/\/www.clmbz.it\/de\/wp-json\/wp\/v2\/posts"}],"about":[{"href":"https:\/\/www.clmbz.it\/de\/wp-json\/wp\/v2\/types\/post"}],"author":[{"embeddable":true,"href":"https:\/\/www.clmbz.it\/de\/wp-json\/wp\/v2\/users\/1"}],"replies":[{"embeddable":true,"href":"https:\/\/www.clmbz.it\/de\/wp-json\/wp\/v2\/comments?post=2037"}],"version-history":[{"count":1,"href":"https:\/\/www.clmbz.it\/de\/wp-json\/wp\/v2\/posts\/2037\/revisions"}],"predecessor-version":[{"id":2040,"href":"https:\/\/www.clmbz.it\/de\/wp-json\/wp\/v2\/posts\/2037\/revisions\/2040"}],"wp:featuredmedia":[{"embeddable":true,"href":"https:\/\/www.clmbz.it\/de\/wp-json\/wp\/v2\/media\/2038"}],"wp:attachment":[{"href":"https:\/\/www.clmbz.it\/de\/wp-json\/wp\/v2\/media?parent=2037"}],"wp:term":[{"taxonomy":"category","embeddable":true,"href":"https:\/\/www.clmbz.it\/de\/wp-json\/wp\/v2\/categories?post=2037"},{"taxonomy":"post_tag","embeddable":true,"href":"https:\/\/www.clmbz.it\/de\/wp-json\/wp\/v2\/tags?post=2037"}],"curies":[{"name":"wp","href":"https:\/\/api.w.org\/{rel}","templated":true}]}}